{"id":702,"date":"2010-05-02T08:13:42","date_gmt":"2010-05-02T07:13:42","guid":{"rendered":"http:\/\/www.gazetebayern.de\/?p=702"},"modified":"2010-05-02T08:37:45","modified_gmt":"2010-05-02T07:37:45","slug":"mudanyali-gencler","status":"publish","type":"post","link":"https:\/\/www.gazetealmanci.de\/?p=702","title":{"rendered":"MUDANYA&#8217;LI GEN\u00c7LER"},"content":{"rendered":"<p><strong>MUDANYA&#8217;LI GEN\u00c7LER ROTHENBURG VE ANSBACH&#8217;DA<\/strong><br \/>\nMudanya\u2019n\u0131n Almanya\u2019daki karde\u015f \u015fehri Ansbach eyaletinin Kaymakam\u0131 Rudolf Schwemmbauer, gen\u00e7lik program\u0131 kapsam\u0131nda \u00fclkelerini ziyaret eden Mudanyal\u0131 14 gen\u00e7 ile kahvalt\u0131da <img loading=\"lazy\" class=\"alignleft size-full wp-image-703\" style=\"border: 3px solid black; margin: 4px;\" title=\"mudanyali-gencler_01\" src=\"http:\/\/www.gazetebayern.de\/wp-content\/uploads\/2010\/05\/mudanyali-gencler_01.jpg\" alt=\"mudanyali-gencler_01\" width=\"270\" height=\"203\" srcset=\"https:\/\/www.gazetealmanci.de\/wp-content\/uploads\/2010\/05\/mudanyali-gencler_01.jpg 450w, https:\/\/www.gazetealmanci.de\/wp-content\/uploads\/2010\/05\/mudanyali-gencler_01-300x225.jpg 300w\" sizes=\"(max-width: 270px) 100vw, 270px\" \/>bir araya geldi.<br \/>\nMudanya\u2019n\u0131n Almanya\u2019daki karde\u015f \u015fehri Ansbach\u2019a \u00e7\u0131karma yapan Mudanyal\u0131 14 gen\u00e7, karde\u015f \u015fehir y\u00f6neticileri taraf\u0131ndan ilgiyle kar\u015f\u0131land\u0131.<br \/>\n15 g\u00fcnl\u00fck program\u0131n ilk haftas\u0131n\u0131 Bavyera eyaletinin Orta Frankonya b\u00f6lgesine ba\u011fl\u0131 Rothenburg \u015fehrinde ge\u00e7irecek olan heyet, Ansbach Kaymakam\u0131 Rudolf Schwemmbauer ile sabah kahvalt\u0131s\u0131nda bulu\u015ftu. Kahvalt\u0131ya Kaymakaml\u0131k Halkla \u0130li\u015fkiler Sorumlusu Paul Seltner ile Rothenburg Belediye Ba\u015fkan\u0131 Ba\u015f Dan\u0131\u015fman\u0131 Heinrich Schmidt, T\u00fcrk K\u00fclt\u00fcr Derne\u011fi Ba\u015fkan\u0131 Bora K\u00f6ktener de kat\u0131ld\u0131.<br \/>\n1994 y\u0131l\u0131nda ba\u015flat\u0131lan karde\u015flik ili\u015fkilerinin bug\u00fcn halen s\u00fcrd\u00fcr\u00fclmesinden duydu\u011fu memnuniyeti dile getiren Ansbach Kaymakam\u0131 Rudolf Schwemmbauer, ama\u00e7lar\u0131n\u0131n T\u00fcrk-Alman gen\u00e7leri bir araya getirmenin \u00f6tesinde dayan\u0131\u015fma ve bilgi payla\u015fmalar\u0131n\u0131 geli\u015ftirmek ve gen\u00e7 beyinlerde yeni ufuklar\u0131n a\u00e7\u0131lmas\u0131n\u0131 sa\u011flamak oldu\u011funu s\u00f6yledi.<br \/>\nMudanya Belediye Ba\u015fkan\u0131 Hasan Akt\u00fcrk\u2019\u00fcn talimat\u0131 ile \u0130l Genel Meclis eski \u00fcyesi H\u00fcseyin \u00d6z\u00fcn\u2019\u00fcn rehberli\u011finde Almanya\u2019ya ger\u00e7ekle\u015ftirilen ziyarette, Belediye \u00d6zel Kalemi Alp \u00d6zayd\u0131nl\u0131 da, Ba\u015fkan Akt\u00fcrk\u2019\u00fcn g\u00f6nderdi\u011fi \u0130znik \u00e7inisi i\u015flemeli taba\u011f\u0131 Kaymakam Schwemmbaur\u2019e hediye etti.<br \/>\nBu\u00a0 arada Rothenburg Belediye Ba\u015fkan\u0131 Ba\u015fdan\u0131\u015fman\u0131 Heinrich Schmidt, kendi belediyelerinin de bir\u00e7ok yerde karde\u015f \u015fehir ili\u015fkilerini s\u00fcrd\u00fcrd\u00fcklerini belirterek, \u201cAnsbach\u2019a ba\u011fl\u0131 bu tarihi \u015fehirde Mudanyal\u0131 karde\u015flerimizi a\u011f\u0131rlamaktan mutluluk duyuyoruz.<br \/>\nBize gelen her misafirimize \u015farapla dolu kupa verme\u00a0 elene\u011fimizi bu kez i\u00e7i \u00e7ikolatalar ve \u015fekerlemelerle dolu kupa ile de\u011fi\u015ftiriyor ve sizlere hediye ediyoruz\u201d dedi.<br \/>\n<strong>Almanya\u2019da T\u00fcrk misafirperverli\u011fi<\/strong><\/p>\n<p>Almanya\u2019da karde\u015f \u015fehir Ansbach\u2019da ziyaretleri s\u00fcrd\u00fcren Mudanyal\u0131 14 gen\u00e7, Rothenburg\u2019da bulunan T\u00fcrk K\u00fclt\u00fcr Derne\u011fi\u2019ni ziyaret etti.<img loading=\"lazy\" class=\"alignright size-full wp-image-704\" style=\"border: 3px solid black; margin-top: 4px; margin-bottom: 4px;\" title=\"mudanyali-gencler\" src=\"http:\/\/www.gazetebayern.de\/wp-content\/uploads\/2010\/05\/mudanyali-gencler.jpg\" alt=\"mudanyali-gencler\" width=\"405\" height=\"304\" srcset=\"https:\/\/www.gazetealmanci.de\/wp-content\/uploads\/2010\/05\/mudanyali-gencler.jpg 450w, https:\/\/www.gazetealmanci.de\/wp-content\/uploads\/2010\/05\/mudanyali-gencler-300x225.jpg 300w\" sizes=\"(max-width: 405px) 100vw, 405px\" \/><br \/>\nT\u00fcrk K\u00fclt\u00fcr Derne\u011fi Onursal Ba\u015fkan\u0131 Bora K\u00f6ktener ile Y\u00f6netim Kurulu \u00dcyesi Baki Tufan taraf\u0131ndan dernek binas\u0131nda a\u011f\u0131rlanan gen\u00e7ler, karde\u015f \u00fclkede yabanc\u0131l\u0131k \u00e7ekmedi. T\u00fcrk misafirperverli\u011finde \u015fark odas\u0131nda a\u011f\u0131rlanan gen\u00e7lerin ziyaretine Ansbach Kaymakaml\u0131\u011f\u0131 Halkla \u0130li\u015fkiler Sorumlusu Paul Seltner de e\u015flik etti. Gen\u00e7lere dernek faaliyetlerinden bahseden Onursal Ba\u015fkan Bora K\u00f6ktener, Rothenburg\u2019da 500\u2019e yak\u0131n T\u00fcrk ya\u015fad\u0131\u011f\u0131n\u0131 ifade ederek, en g\u00fc\u00e7l\u00fc ve etkin sivil \u00f6rg\u00fct olduklar\u0131n\u0131 kaydetti. B\u00fcnyelerinde olu\u015fturduklar\u0131 tiyatro ekibiyle bir \u00e7ok \u00e7al\u0131\u015fmalar yapt\u0131klar\u0131n\u0131 belirten K\u00f6ktener, tarihi dokuya sahip olan Rothenburg\u2019da T\u00fcrk k\u00fclt\u00fcr\u00fcn\u00fc ba\u015far\u0131 ile temsil ettiklerini s\u00f6yledi.<br \/>\nKarde\u015f \u015fehirde veda yeme\u011fi<br \/>\nKarde\u015f \u015fehir ili\u015fkileri kapsam\u0131nda a\u011fustos ay\u0131 ba\u015f\u0131ndan bu yana Almanya\u2019da bulunan Mudanyal\u0131 14 gen\u00e7, T\u00fcrkiye\u2019ye d\u00f6n\u00fc\u015fe haz\u0131rlan\u0131yor.<br \/>\nAlmanya\u2019da ilk haftay\u0131 Rothenburg ve Dinkelsb\u00fclh \u015fehirlerinde ge\u00e7iren gen\u00e7ler, 16 A\u011fustos\u2019a kadar kalacaklar\u0131 Berlin program\u0131 \u00f6ncesinde, Ansbach Kaymakam\u0131 Rudolf Schwemmbauer ile ak\u015fam yeme\u011finde bir araya geldi. Kaymakam Schwemmbauer\u2019in Dinkelsb\u00fclh\u2019de verdi\u011fi veda yeme\u011fine Willburgstetten Belediye Ba\u015fkan\u0131 Kisch, Ansbach Kaymakaml\u0131\u011f\u0131 Halkla \u0130li\u015fkiler Sorumlusu Paul Seltner da kat\u0131ld\u0131. Yemekte konu\u015fan Kaymakam Schwemmbauer, karde\u015f \u015fehir ili\u015fkilerindeki ziyaretler sayesinde verdi\u011fi \u00f6neme dikkati \u00e7ekerek,<br \/>\n<strong>MUDANYA&#8217;LI GEN\u00c7LER ROTHENBURG VE ANSBACH&#8217;DA<\/strong><br \/>\nkendisinin son hizmet d\u00f6nemi oldu\u011funu ve se\u00e7imlerden \u00f6nce bir kez daha bu karde\u015flik program\u0131 kapsam\u0131nda Mudanya\u2019ya gelmeyi arzulad\u0131\u011f\u0131n\u0131 s\u00f6yledi.<br \/>\nMudanya Belediyesi \u00d6zel Kalemi Alp \u00d6zayd\u0131nl\u0131 ise, gen\u00e7lere \u00fclkelerinde g\u00f6sterdikleri misafirperverlikten \u00f6t\u00fcr\u00fc te\u015fekk\u00fcr ederek, en k\u0131sa zamanda kendilerini Mudanya\u2019ya beklediklerini kaydetti. Yemek sonunda Ansbach y\u00f6neticileri, gen\u00e7lere, \u201cHer \u015fey \u00e7ok g\u00fczel\u201d yaz\u0131l\u0131 kupa bardaklar ile a\u011f\u0131z tad\u0131l\u0131k y\u00f6resel pastalardan hediye etti. Ansbach\u2019\u0131n en gen\u00e7 ba\u015fkan\u0131 ile tan\u0131\u015ft\u0131lar Karde\u015f \u015fehir gezisi kapsam\u0131nda Ansbach\u2019a ba\u011fl\u0131 Willburgstetten beldesine \u00e7\u0131karma yapan gen\u00e7ler, belde belediyesini de ziyaret etti. 2 bin 100 n\u00fcfuslu beldenin 35 ya\u015f\u0131ndaki Belediye Ba\u015fkan\u0131 Kisch Bernhard\u2019\u0131n misafiri olan gen\u00e7ler, beldeyi yak\u0131ndan tan\u0131d\u0131. Willburgstetten beldesinin \u0130svi\u00e7re ve Fransa\u2019da iki karde\u015f \u015fehri oldu\u011funu belirten Ba\u015fkan Kisch, b\u00fcy\u00fck bir sanayi b\u00f6lgesine sahip olduklar\u0131n\u0131, 5 milyon Euro b\u00fct\u00e7enin 1 milyon Euro\u2019sunu yat\u0131r\u0131ma ay\u0131rd\u0131klar\u0131n\u0131 kaydetti.<br \/>\n<strong>A\u011eA\u00c7 \u00dcR\u00dcNLER\u0130N\u0130 \u0130NCELED\u0130LER<\/strong><br \/>\nDaha sonra beldenin b\u00fcy\u00fck sanayi kurulu\u015flar\u0131ndan biri olan a\u011fa\u00e7 \u00fcr\u00fcnleri ve kereste fabrikas\u0131 Holz Rettenmeier\u2019da incelemelerde bulundu. Avrupa\u2019da 6 ayr\u0131 fabrikas\u0131 bulunan ve 400 ki\u015finin \u00e7al\u0131\u015ft\u0131\u011f\u0131 Willburgstetten beldesindeki fabrika hakk\u0131nda bilgi veren \u015firketin Genel M\u00fcd\u00fcr\u00fc Dipl. Holzwirt Frank Drews, 120 kamyon mal \u00fcretimi yapt\u0131klar\u0131n\u0131, 3-5 metre aras\u0131nda i\u015flenen k\u00fct\u00fcklerden 90 \u00e7e\u015fit mamul\u00fcn \u00fcretildi\u011fini s\u00f6yledi. Drews, \u015firketin T\u00fcrkiye\u2019de k\u0131sa zamanda b\u00fcy\u00fcme g\u00f6sterece\u011fini ve T\u00fcrkiye\u2019yi di\u011fer \u00fclkelere ge\u00e7i\u015f noktas\u0131 olarak kulland\u0131klar\u0131n\u0131 belirtti. Gen\u00e7ler beldede ayr\u0131ca kilise ziyareti de yapt\u0131.<br \/>\nGen\u00e7ler hedefleri 12\u2019den vurdu<br \/>\nAlmanya\u2019daki karde\u015f \u015fehir temaslar\u0131n\u0131 s\u00fcrd\u00fcren gen\u00e7ler Ansbach\u2019a ba\u011fl\u0131 Dietenhofen Beldesi\u2019nde bulunan yakla\u015f\u0131k 200 y\u0131ll\u0131k ge\u00e7mi\u015fi olan Avc\u0131lar Kul\u00fcb\u00fcn\u00fc ziyaret etti. 1813 y\u0131l\u0131nda kurulan ve b\u00fcnyesinde t\u00fcm avc\u0131l\u0131k hizmetlerini bar\u0131ndan kul\u00fcpte, Dietenhofen<br \/>\nOrta \u00e7a\u011f\u0131n izlerini ya\u015fatan Rothenburg\u2019ta gen\u00e7ler rehberlerle \u015fehri ve tarihini tan\u0131maya \u00e7al\u0131\u015f\u0131yor. Rehber Gutaf Weltzer, de\u011firmencili\u011fin yayg\u0131n oldu\u011fu \u015fehirde de\u011firmen k\u00fclt\u00fcr\u00fc ve \u00e7al\u0131\u015fma sistemleri hakk\u0131nda gen\u00e7leri bilgilendirdi.<br \/>\nMudanya Belediyesi \u00d6zel Kalemi Alp \u00d6zayd\u0131nl\u0131, Ansbach Kaymakam\u0131 Rudolf Schwemmbauer\u2019a, Ba\u015fkan Akt\u00fcrk\u2019\u00fcn hediyesini takdim etti.<br \/>\nSal\u0131 g\u00fcn\u00fc Dinkelsb\u00fclh \u015fehrinden ayr\u0131lan ve karayoluyla ba\u015fkent Berlin\u2019e ge\u00e7en gen\u00e7ler, 16 A\u011fustos\u2019a kadar kalacaklar\u0131 Berlin\u2019den yurda d\u00f6necekler.<strong><br \/>\nYavuz GER\u00c7EK\u00c7\u0130 \/ Rothenburg<\/strong><\/p>\n","protected":false},"excerpt":{"rendered":"<p>MUDANYA&#8217;LI GEN\u00c7LER ROTHENBURG VE ANSBACH&#8217;DA<br \/>\nMudanya\u2019n\u0131n Almanya\u2019daki karde\u015f \u015fehri Ansbach eyaletinin Kaymakam\u0131 Rudolf Schwemmbauer, gen\u00e7lik program\u0131 kapsam\u0131nda \u00fclkelerini ziyaret eden Mudanyal\u0131 14 gen\u00e7 ile kahvalt\u0131da bir araya geldi.<br \/>\nMudanya\u2019n\u0131n Almanya\u2019daki karde\u015f \u015fehri Ansbach\u2019a \u00e7\u0131karma yapan Mudanyal\u0131 14 gen\u00e7, karde\u015f \u015fehir y\u00f6neticileri taraf\u0131ndan ilgiyle kar\u015f\u0131land\u0131.<br \/>\n15 g\u00fcnl\u00fck program\u0131n ilk haftas\u0131n\u0131 Bavyera eyaletinin Orta Frankonya b\u00f6lgesine ba\u011fl\u0131 Rothenburg \u015fehrinde ge\u00e7irecek [&#8230;]<\/p>\n","protected":false},"author":2,"featured_media":0,"comment_status":"closed","ping_status":"closed","sticky":false,"template":"","format":"standard","meta":[],"categories":[8],"tags":[],"_links":{"self":[{"href":"https:\/\/www.gazetealmanci.de\/index.php?rest_route=\/wp\/v2\/posts\/702"}],"collection":[{"href":"https:\/\/www.gazetealmanci.de\/index.php?rest_route=\/wp\/v2\/posts"}],"about":[{"href":"https:\/\/www.gazetealmanci.de\/index.php?rest_route=\/wp\/v2\/types\/post"}],"author":[{"embeddable":true,"href":"https:\/\/www.gazetealmanci.de\/index.php?rest_route=\/wp\/v2\/users\/2"}],"replies":[{"embeddable":true,"href":"https:\/\/www.gazetealmanci.de\/index.php?rest_route=%2Fwp%2Fv2%2Fcomments&post=702"}],"version-history":[{"count":4,"href":"https:\/\/www.gazetealmanci.de\/index.php?rest_route=\/wp\/v2\/posts\/702\/revisions"}],"predecessor-version":[{"id":706,"href":"https:\/\/www.gazetealmanci.de\/index.php?rest_route=\/wp\/v2\/posts\/702\/revisions\/706"}],"wp:attachment":[{"href":"https:\/\/www.gazetealmanci.de\/index.php?rest_route=%2Fwp%2Fv2%2Fmedia&parent=702"}],"wp:term":[{"taxonomy":"category","embeddable":true,"href":"https:\/\/www.gazetealmanci.de\/index.php?rest_route=%2Fwp%2Fv2%2Fcategories&post=702"},{"taxonomy":"post_tag","embeddable":true,"href":"https:\/\/www.gazetealmanci.de\/index.php?rest_route=%2Fwp%2Fv2%2Ftags&post=702"}],"curies":[{"name":"wp","href":"https:\/\/api.w.org\/{rel}","templated":true}]}}