{"id":1958,"date":"2021-11-13T14:46:26","date_gmt":"2021-11-13T13:46:26","guid":{"rendered":"http:\/\/www.gazetealmanci.de\/?p=1958"},"modified":"2021-11-23T18:57:10","modified_gmt":"2021-11-23T17:57:10","slug":"ah-be-sevgili-komsum","status":"publish","type":"post","link":"https:\/\/www.gazetealmanci.de\/?p=1958","title":{"rendered":"AH BE SEVG\u0130L\u0130 KOM\u015eUM"},"content":{"rendered":"\n<p>Yunan H\u00fck\u00fcmetinin ne yapmak istedi\u011fini bir t\u00fcrl\u00fc anlayam\u0131yaca\u011f\u0131m. 1830 y\u0131l\u0131nda kurulan bu devlet\u00e7ik zannederim uzatmalar\u0131 oynuyor.\u00a0 Bat\u0131s\u0131nda Arnavutluk\u00a0 korfu adas\u0131 dahil ta Preveze, kazan b\u00f6lgrsine kadar olan b\u00f6l\u00fcm\u00fcn kendi topraklar\u0131 oldu\u011fu s\u00f6yleyen bir h\u00fck\u00fcmeti var. Kuzeyinde Selani\u011fe kadar kendi topraklar\u0131 oldu\u011funu savunan Makedonya Cumhuriyeti ve Bulgaristan var 1913 Y\u0131l\u0131nda serez den ba\u015flayarak k\u0131rcaaliyi i\u00e7ine alm\u0131\u015f Bat\u0131 Trakya T\u00fcrk cumhuriyeti var\u00a0 Her taraf\u0131n\u0131z d\u00fc\u015fmanlar\u0131n\u0131z la \u00e7evrilmi\u015f Do\u011funuz da T\u00fcrkiye ile oyna\u015fmaya \u00e7al\u0131\u015f\u0131yorsunuz.\u00a0 Yahu akl\u0131n\u0131z alm\u0131yormu sizin T\u00fcrkiye ile girece\u011finiz en ufak bir sava\u015fta\u00a0 Korfu Preveze Kazan gitti gider. Selani\u011fe sereze Veriaya kadar b\u00f6lge Makedonlar\u0131neline ge\u00e7er eee Bulgarlar bo\u015f dururmu ne de olsa soylar\u0131 Bugar T\u00fcrk\u00fc Eh art\u0131k 1913 den sonra girdi\u011finiz ba\u015fka devletlerin topraklar\u0131 hooop gidivermi\u015f elinizden. Ha Bat\u0131 Trakya T\u00fcrk cumuriyetini de ilk tan\u0131yan \u00dclkelerden de bahis etmemi isterseniz buyrun.\u00a0 T\u00fcrkiye, Arnavutluk, Makedonya, Kosova, Bosna Hersek, S\u0131rbistan, Hungarien, Bulgaristan, Azarbaycan, T\u00fcrkmenistan, Kazakistan, \u00d6zbekistan, Tacikistan, Mo\u011folistan, Tataristan, Pakistan, Afganistan, \u0130ran, Kuveit, Libien, Tunus, Cezair, Grorgien, Rusland, Ukraine, Belarus, Hani Natoya girmesini engelliyorsunuz ya.\u00a0 AAAAA bir bakm\u0131\u015fs\u0131n\u0131z arkan\u0131z da ne Fransa var ne Avrupa\u00a0 yok oluvermi\u015fler bir anda. AB nin ABD nin \u015f\u0131mar\u0131k \u00e7ocu\u011fu ba\u015flar ba\u011f\u0131rmaya yand\u0131m yand\u0131m diyerek ama keten helva kom\u015fum. Akl\u0131n var ise T\u00fcrkler ile dost ol. Halk\u0131n kazan\u0131r halk\u0131n zenginle\u015fir. Mustafa Kemal Atat\u00fcrk\u00fcn\u00a0 arzusu iste\u011fi olan Anadolu halk\u0131 Yunan halk\u0131 ile olan karde\u015fli\u011fimize helak getirme.\u00a0 Avrupa seni s\u00f6m\u00fcr\u00fcr suyunu s\u0131kar atar. Sen b\u0131rak kendini T\u00fcrkiye\u2018ye bak ege denizi bar\u0131\u015f denizi olsun sende zenginle\u015f. T\u00fcrkiye zaten ekonomik olarak bir dev. \u00a0Sonu h\u00fcsran olacak maceralara girme kendince; Agbin duruyor kar\u015f\u0131nda farzet be dostum. Yaz\u0131k etme T\u00fcrk Yunan halklar\u0131na. Her\u015feyimiz ayn\u0131 yemeklerimizden tut tatl\u0131lar\u0131m\u0131za, \u00f6rf adetlerimiz bile \u00e7o\u011fu yerde ayn\u0131. \u00dclkende her ge\u00e7en g\u00fcn artan T\u00fcrk, Arnavut, Makedon, Bulgar k\u00f6kenli vatanda\u015flar\u0131n\u0131 yabana atma. Adalar da ya\u015fayanlara da pek g\u00fcvenme. Ben daha Yunan\u0131m Diyen Giritli g\u00f6rmedim. K\u0131br\u0131s Rumlar\u0131na da pek g\u00fcven me s\u0131k\u0131\u015ft\u0131larm\u0131 an\u0131n da sat\u0131verirler sizi.\u00a0 \u00a0\u00a0<\/p>\n\r\n<p style=\"text-align: justify;\">Yunan H\u00fck\u00fcmetinin ne yapmak istedi\u011fini bir t\u00fcrl\u00fc anlayam\u0131yaca\u011f\u0131m. 1830 y\u0131l\u0131nda kurulan bu devlet\u00e7ik zannederim uzatmalar\u0131 oynuyor.\u00a0 Bat\u0131s\u0131nda Arnavutluk\u00a0 korfu adas\u0131 dahil ta Preveze, kazan b\u00f6lgrsine kadar olan b\u00f6l\u00fcm\u00fcn kendi topraklar\u0131 oldu\u011fu s\u00f6yleyen bir h\u00fck\u00fcmeti var. Kuzeyinde Selani\u011fe kadar kendi topraklar\u0131 oldu\u011funu savunan Makedonya Cumhuriyeti ve Bulgaristan var 1913 Y\u0131l\u0131nda serez den ba\u015flayarak k\u0131rcaaliyi i\u00e7ine alm\u0131\u015f Bat\u0131 Trakya T\u00fcrk cumhuriyeti var\u00a0 Her taraf\u0131n\u0131z d\u00fc\u015fmanlar\u0131n\u0131z la \u00e7evrilmi\u015f Do\u011funuz da T\u00fcrkiye ile oyna\u015fmaya \u00e7al\u0131\u015f\u0131yorsunuz.\u00a0 Yahu akl\u0131n\u0131z alm\u0131yormu sizin T\u00fcrkiye ile girece\u011finiz en ufak bir sava\u015fta\u00a0 Korfu Preveze Kazan gitti gider. Selani\u011fe sereze Veriaya kadar b\u00f6lge Makedonlar\u0131neline ge\u00e7er eee Bulgarlar bo\u015f dururmu ne de olsa soylar\u0131 Bugar T\u00fcrk\u00fc Eh art\u0131k 1913 den sonra girdi\u011finiz ba\u015fka devletlerin topraklar\u0131 hooop gidivermi\u015f elinizden. Ha Bat\u0131 Trakya T\u00fcrk cumuriyetini de ilk tan\u0131yan \u00dclkelerden de bahis etmemi isterseniz buyrun.\u00a0 T\u00fcrkiye, Arnavutluk, Makedonya, Kosova, Bosna Hersek, S\u0131rbistan, Hungarien, Bulgaristan, Azarbaycan, T\u00fcrkmenistan, Kazakistan, \u00d6zbekistan, Tacikistan, Mo\u011folistan, Tataristan, Pakistan, Afganistan, \u0130ran, Kuveit, Libien, Tunus, Cezair, Grorgien, Rusland, Ukraine, Belarus, Hani Natoya girmesini engelliyorsunuz ya.\u00a0 AAAAA bir bakm\u0131\u015fs\u0131n\u0131z arkan\u0131z da ne Fransa var ne Avrupa\u00a0 yok oluvermi\u015fler bir anda. AB nin ABD nin \u015f\u0131mar\u0131k \u00e7ocu\u011fu ba\u015flar ba\u011f\u0131rmaya yand\u0131m yand\u0131m diyerek ama keten helva kom\u015fum. Akl\u0131n var ise T\u00fcrkler ile dost ol. Halk\u0131n kazan\u0131r halk\u0131n zenginle\u015fir. Mustafa Kemal Atat\u00fcrk\u00fcn\u00a0 arzusu iste\u011fi olan Anadolu halk\u0131 Yunan halk\u0131 ile olan karde\u015fli\u011fimize helak getirme.\u00a0 Avrupa seni s\u00f6m\u00fcr\u00fcr suyunu s\u0131kar atar. Sen b\u0131rak kendini T\u00fcrkiye\u2018ye bak ege denizi bar\u0131\u015f denizi olsun sende zenginle\u015f. T\u00fcrkiye zaten ekonomik olarak bir dev. \u00a0Sonu h\u00fcsran olacak maceralara girme kendince; Agbin duruyor kar\u015f\u0131nda farzet be dostum. Yaz\u0131k etme T\u00fcrk Yunan halklar\u0131na. Her\u015feyimiz ayn\u0131 yemeklerimizden tut tatl\u0131lar\u0131m\u0131za, \u00f6rf adetlerimiz bile \u00e7o\u011fu yerde ayn\u0131. \u00dclkende her ge\u00e7en g\u00fcn artan T\u00fcrk, Arnavut, Makedon, Bulgar k\u00f6kenli vatanda\u015flar\u0131n\u0131 yabana atma. Adalar da ya\u015fayanlara da pek g\u00fcvenme. Ben daha Yunan\u0131m Diyen Giritli g\u00f6rmedim. K\u0131br\u0131s Rumlar\u0131na da pek g\u00fcven me s\u0131k\u0131\u015ft\u0131larm\u0131 an\u0131n da sat\u0131verirler sizi.\u00a0 \u00a0\u00a0<\/p>\r\n<!-- \/wp:columns -->","protected":false},"excerpt":{"rendered":"<p>Yunan H\u00fck\u00fcmetinin ne yapmak istedi\u011fini bir t\u00fcrl\u00fc anlayam\u0131yaca\u011f\u0131m. 1830 y\u0131l\u0131nda kurulan bu devlet\u00e7ik zannederim uzatmalar\u0131 oynuyor.\u00a0 Bat\u0131s\u0131nda Arnavutluk\u00a0 korfu adas\u0131 dahil ta Preveze, kazan b\u00f6lgrsine kadar olan b\u00f6l\u00fcm\u00fcn kendi topraklar\u0131 oldu\u011fu s\u00f6yleyen bir h\u00fck\u00fcmeti var. Kuzeyinde Selani\u011fe kadar kendi topraklar\u0131 oldu\u011funu savunan Makedonya Cumhuriyeti ve Bulgaristan var 1913 Y\u0131l\u0131nda serez den ba\u015flayarak k\u0131rcaaliyi i\u00e7ine alm\u0131\u015f [&#8230;]<\/p>\n","protected":false},"author":1,"featured_media":0,"comment_status":"open","ping_status":"open","sticky":false,"template":"","format":"standard","meta":[],"categories":[1],"tags":[],"_links":{"self":[{"href":"https:\/\/www.gazetealmanci.de\/index.php?rest_route=\/wp\/v2\/posts\/1958"}],"collection":[{"href":"https:\/\/www.gazetealmanci.de\/index.php?rest_route=\/wp\/v2\/posts"}],"about":[{"href":"https:\/\/www.gazetealmanci.de\/index.php?rest_route=\/wp\/v2\/types\/post"}],"author":[{"embeddable":true,"href":"https:\/\/www.gazetealmanci.de\/index.php?rest_route=\/wp\/v2\/users\/1"}],"replies":[{"embeddable":true,"href":"https:\/\/www.gazetealmanci.de\/index.php?rest_route=%2Fwp%2Fv2%2Fcomments&post=1958"}],"version-history":[{"count":4,"href":"https:\/\/www.gazetealmanci.de\/index.php?rest_route=\/wp\/v2\/posts\/1958\/revisions"}],"predecessor-version":[{"id":1975,"href":"https:\/\/www.gazetealmanci.de\/index.php?rest_route=\/wp\/v2\/posts\/1958\/revisions\/1975"}],"wp:attachment":[{"href":"https:\/\/www.gazetealmanci.de\/index.php?rest_route=%2Fwp%2Fv2%2Fmedia&parent=1958"}],"wp:term":[{"taxonomy":"category","embeddable":true,"href":"https:\/\/www.gazetealmanci.de\/index.php?rest_route=%2Fwp%2Fv2%2Fcategories&post=1958"},{"taxonomy":"post_tag","embeddable":true,"href":"https:\/\/www.gazetealmanci.de\/index.php?rest_route=%2Fwp%2Fv2%2Ftags&post=1958"}],"curies":[{"name":"wp","href":"https:\/\/api.w.org\/{rel}","templated":true}]}}