{"id":1739,"date":"2014-11-07T12:33:33","date_gmt":"2014-11-07T11:33:33","guid":{"rendered":"http:\/\/www.gazetealmanci.de\/?p=1739"},"modified":"2014-11-07T12:37:09","modified_gmt":"2014-11-07T11:37:09","slug":"1739","status":"publish","type":"post","link":"https:\/\/www.gazetealmanci.de\/?p=1739","title":{"rendered":"Kuyruklarda ge\u00e7en \u00d6m\u00fcr"},"content":{"rendered":"<p style=\"text-align: justify;\"><strong>Ayval\u0131k Alt\u0131nova&#8217;da bir sonbahar \u00f6\u011fleden sonras\u0131.<\/strong> <strong>Hava so\u011fuk.Elektrik paras\u0131 \u00f6deme kuyru\u011funday\u0131m&#8230;<\/strong><a href=\"http:\/\/www.gazetealmanci.de\/wp-content\/uploads\/2014\/11\/sira.jpg\"><img loading=\"lazy\" class=\"alignleft  wp-image-1740\" style=\"border: 4px solid black; margin: 4px;\" title=\"sira\" src=\"http:\/\/www.gazetealmanci.de\/wp-content\/uploads\/2014\/11\/sira-300x188.jpg\" alt=\"\" width=\"240\" height=\"150\" srcset=\"https:\/\/www.gazetealmanci.de\/wp-content\/uploads\/2014\/11\/sira-300x188.jpg 300w, https:\/\/www.gazetealmanci.de\/wp-content\/uploads\/2014\/11\/sira.jpg 540w\" sizes=\"(max-width: 240px) 100vw, 240px\" \/><\/a><\/p>\n<p style=\"text-align: justify;\">\u00d6deme veznesinin \u00f6n\u00fcnde ki kuyruk yakla\u015f\u0131k 20 ki\u015fi,yar\u0131m saate kadar s\u0131ra gelir.<\/p>\n<p style=\"text-align: justify;\">Ben bu t\u00fcr kuyruklar\u0131 bir y\u00f6nden severim.\u0130nsan yeni ki\u015filerle tan\u0131\u015f\u0131yor.Yar\u0131m saatlik sohbetler bile i\u00e7ini \u0131s\u0131t\u0131yor insan\u0131n&#8230;\u00d6n\u00fcmde bir bayan 82 ya\u015f\u0131nda \u00f6\u011fretmen emeklisiyim diyor&#8230;<\/p>\n<p style=\"text-align: justify;\">&#8211; Ma\u015fallah han\u0131mefendi,bu so\u011fukta \u00f6deme yapmaya gelebiliyorsunuz,\u00fcstelik kuyrukta bekliyorsunz.Birisi yok muydu sizin ad\u0131n\u0131za gelecek ? Diyorum.Bir an y\u00fcz\u00fc ayd\u0131nlan\u0131yor;<\/p>\n<p style=\"text-align: justify;\">&#8211; Allah&#8217;a \u015f\u00fck\u00fcr sa\u011fl\u0131\u011f\u0131m yerinde,geliyorum diyor&#8230;<\/p>\n<p style=\"text-align: justify;\">Sonra nereden geldi\u011fini benim hissetti\u011fim bir g\u00f6lge d\u00fc\u015f\u00fcyor y\u00fcz\u00fcne&#8230;<\/p>\n<p style=\"text-align: justify;\">Bir bey,sohbete kar\u0131\u015f\u0131yor.75 ya\u015f\u0131nday\u0131m,bu kuyruk bir \u015fey mi ? Su paras\u0131 yat\u0131rmak i\u00e7in belediyenin su veznesinde kuyru\u011fa girdi\u011fini,evvel Allah bir saat i\u00e7inde su paras\u0131n\u0131 yat\u0131rd\u0131\u011f\u0131n\u0131 s\u00f6yl\u00fcyor&#8230;Ona da bu i\u015fler i\u00e7in bir gen\u00e7 yok mu ? Diyorum&#8230;<\/p>\n<p style=\"text-align: justify;\">&#8211; Ben hi\u00e7 sigara i\u00e7medim,\u00e7ok hareketliyim gibi bir \u00e7ok \u015fey s\u00f6yl\u00fcyor.Sustu\u011funda y\u00fcz\u00fc d\u00fc\u015f\u00fcnceli bir hal al\u0131yor.<\/p>\n<p style=\"text-align: justify;\">Ayn\u0131 g\u00f6lge onun da y\u00fcz\u00fcne d\u00fc\u015f\u00fcyor&#8230;<\/p>\n<p style=\"text-align: justify;\">Biraz sonra,veznede \u00f6deme yaparken,yaln\u0131zl\u0131\u011f\u0131 d\u00fc\u015f\u00fcn\u00fcyorum.\u0130\u00e7im ac\u0131yor&#8230;<\/p>\n<p style=\"text-align: justify;\">Feridun C\u00f6merto\u011flu<\/p>\n","protected":false},"excerpt":{"rendered":"<p>Ayval\u0131k Alt\u0131nova&#8217;da bir sonbahar \u00f6\u011fleden sonras\u0131. Hava so\u011fuk.Elektrik paras\u0131 \u00f6deme kuyru\u011funday\u0131m&#8230;<br \/>\n\u00d6deme veznesinin \u00f6n\u00fcnde ki kuyruk yakla\u015f\u0131k 20 ki\u015fi,yar\u0131m saate kadar s\u0131ra gelir.<br \/>\nBen bu t\u00fcr kuyruklar\u0131 bir y\u00f6nden severim.\u0130nsan yeni ki\u015filerle tan\u0131\u015f\u0131yor.Yar\u0131m saatlik sohbetler bile i\u00e7ini \u0131s\u0131t\u0131yor insan\u0131n&#8230;\u00d6n\u00fcmde bir bayan 82 ya\u015f\u0131nda \u00f6\u011fretmen emeklisiyim diyor&#8230;<br \/>\n&#8211; Ma\u015fallah han\u0131mefendi,bu so\u011fukta \u00f6deme yapmaya gelebiliyorsunuz,\u00fcstelik kuyrukta bekliyorsunz.Birisi yok muydu sizin [&#8230;]<\/p>\n","protected":false},"author":1,"featured_media":0,"comment_status":"open","ping_status":"open","sticky":false,"template":"","format":"standard","meta":[],"categories":[16],"tags":[],"_links":{"self":[{"href":"https:\/\/www.gazetealmanci.de\/index.php?rest_route=\/wp\/v2\/posts\/1739"}],"collection":[{"href":"https:\/\/www.gazetealmanci.de\/index.php?rest_route=\/wp\/v2\/posts"}],"about":[{"href":"https:\/\/www.gazetealmanci.de\/index.php?rest_route=\/wp\/v2\/types\/post"}],"author":[{"embeddable":true,"href":"https:\/\/www.gazetealmanci.de\/index.php?rest_route=\/wp\/v2\/users\/1"}],"replies":[{"embeddable":true,"href":"https:\/\/www.gazetealmanci.de\/index.php?rest_route=%2Fwp%2Fv2%2Fcomments&post=1739"}],"version-history":[{"count":4,"href":"https:\/\/www.gazetealmanci.de\/index.php?rest_route=\/wp\/v2\/posts\/1739\/revisions"}],"predecessor-version":[{"id":1743,"href":"https:\/\/www.gazetealmanci.de\/index.php?rest_route=\/wp\/v2\/posts\/1739\/revisions\/1743"}],"wp:attachment":[{"href":"https:\/\/www.gazetealmanci.de\/index.php?rest_route=%2Fwp%2Fv2%2Fmedia&parent=1739"}],"wp:term":[{"taxonomy":"category","embeddable":true,"href":"https:\/\/www.gazetealmanci.de\/index.php?rest_route=%2Fwp%2Fv2%2Fcategories&post=1739"},{"taxonomy":"post_tag","embeddable":true,"href":"https:\/\/www.gazetealmanci.de\/index.php?rest_route=%2Fwp%2Fv2%2Ftags&post=1739"}],"curies":[{"name":"wp","href":"https:\/\/api.w.org\/{rel}","templated":true}]}}