{"id":1728,"date":"2014-10-29T11:16:12","date_gmt":"2014-10-29T10:16:12","guid":{"rendered":"http:\/\/www.gazetealmanci.de\/?p=1728"},"modified":"2014-10-29T16:17:43","modified_gmt":"2014-10-29T15:17:43","slug":"bu-gun-bayram","status":"publish","type":"post","link":"https:\/\/www.gazetealmanci.de\/?p=1728","title":{"rendered":"BU G\u00dcN BAYRAM"},"content":{"rendered":"<p style=\"text-align: justify;\"><strong>Cumhuriyet;<\/strong> Osmanl\u0131n\u0131n \u00fclkemiz topraklar\u0131n\u0131 yabanc\u0131lara pe\u015fke\u015f \u00e7ekmeleriyle 19. Y\u00fcz y\u0131lda T\u00fcrk milletine Tanr\u0131 taraf\u0131ndan g\u00f6nderildi\u011fine inand\u0131\u011f\u0131m d\u00fcnyam\u0131zda\u2019da kabul g\u00f6ren b\u00fcy\u00fck komutan ve devlet adam\u0131 Mustafa kemal Atat\u00fcrk\u2019\u00fcn Milletimize arma\u011fan etti\u011fi y\u00f6netim bi\u00e7imidir. <a href=\"http:\/\/www.gazetealmanci.de\/wp-content\/uploads\/2014\/10\/mustafa-kemal-ataturk-18.jpg\"><img loading=\"lazy\" class=\"alignleft  wp-image-1731\" style=\"border: 3px solid black; margin: 3px;\" title=\"mustafa-kemal-ataturk-18\" src=\"http:\/\/www.gazetealmanci.de\/wp-content\/uploads\/2014\/10\/mustafa-kemal-ataturk-18-300x292.jpg\" alt=\"\" width=\"244\" height=\"239\" \/><\/a>Cumhuriyet erdemdir ayn\u0131 zamanda. \u00c7a\u011fda\u015fl\u0131\u011f\u0131n g\u00f6stergesi, Demokrasinin ikiz karde\u015fidir. \u0130\u015fte bu g\u00fcn yeni bir heyecan var \u00fclkemde. Ba\u011f\u0131ms\u0131zl\u0131\u011f\u0131n \u00f6zg\u00fcrl\u00fc\u011f\u00fcn birlikte ya\u015faman\u0131n bayram\u0131 kutlan\u0131yor \u00fclkemde.<\/p>\n<p style=\"text-align: justify;\">Cumhuriyet halkt\u0131r, birlikteliktir, karde\u015fliktir. Atat\u00fcrk ilke ve ink\u0131l\u00e2plar\u0131na sahip \u00e7\u0131kmakt\u0131r. Daima ileri gitmek adil bir \u015fekilde payla\u015fmakt\u0131r. Ya\u015fam\u0131n kendisine el uzatmakt\u0131r karde\u015fli\u011fin nefesiyle olgunla\u015fmakt\u0131r. Hak ve adaletin tesisidir demokrasi karde\u015fli\u011fiyle ve ac\u0131lara birlikte g\u00fclmektir. Tam Ba\u011f\u0131ms\u0131zl\u0131k sava\u015f\u0131n\u0131n meyvesidir cumhuriyet. Demokrasiyle yo\u011frulmu\u015f halk\u0131m\u0131n tercihidir cumhuriyet. \u00d6zg\u00fcrl\u00fc\u011f\u00fcn g\u00fcvencesidir Mevlana, Yunus emre, \u00a0Hac\u0131 Bekta\u015fi ikliminde. Cumhuriyet bize emanettir ve onu yine biz ya\u015fataca\u011f\u0131z. 29 Ekim 1923 \u00fclkemizde cumhuriyet y\u00f6netiminin ilan edildi\u011fi g\u00fcnd\u00fcr. Bug\u00fcn ulusal bayram g\u00fcn\u00fcd\u00fcr. Her y\u0131l cumhuriyet y\u00f6netiminin ilan\u0131n\u0131 28 \u2013 29 Ekim g\u00fcnleri Cumhuriyet Bayram\u0131 olarak co\u015fkun t\u00f6renlerle kutlan\u0131r g\u00fczel \u00fclkemde.<\/p>\n<p style=\"text-align: justify;\">Bir d\u00fc\u015f\u00fcnsenize 1299\u2019da S\u00f6\u011f\u00fct\u2019te Osman Bey taraf\u0131ndan kurulan Osmanl\u0131 imparatorlu\u011funun y\u00f6neticisine Padi\u015fah denirdi. Padi\u015fahl\u0131k babadan o\u011ful\u2019a ge\u00e7en o\u011ful\u2019un k\u00fc\u00e7\u00fck olmas\u0131, aptal, beceriksiz,sahtekar, deli olmas\u0131na bak\u0131lmadan y\u00f6netime getirilirdi. \u00dclkesinde ya\u015fayan herkes Padi\u015fah\u0131n kullar\u0131 say\u0131l\u0131r ve b\u00f6yle tek ki\u015finin kendi ba\u015f\u0131na buyruk sorumsuz denetimsiz y\u00f6netimine mutlak\u0131yet denirdi. Mutlak\u0131yet y\u00f6netiminde egemenlik kay\u0131ts\u0131z \u015farts\u0131z tek bir ki\u015fideydi. Mutlak\u0131yetle y\u00f6netilen \u00fclkelerde zamanla hakana padi\u015faha \u015faha krala yard\u0131mc\u0131 olsun diye meclis kuruldu. Meclis \u00fcyeleri halk\u0131n dileklerini y\u00f6neticiye duyurur yasa tasar\u0131s\u0131n\u0131 haz\u0131rlard\u0131. Bu yasa taslaklar\u0131 hakan padi\u015fah \u015fah kral taraf\u0131ndan benimsendi\u011finde yasala\u015f\u0131rd\u0131. Bu y\u00f6netim bi\u00e7imine Me\u015frutiyet denirdi. Osmanl\u0131 Devletinde 1876 ve 1908 y\u0131llar\u0131nda iki kez me\u015frutiyet ilan edildi. Osmanl\u0131 Devleti\u2019ni alt\u0131 y\u00fcz yirmi d\u00f6rt y\u0131lda otuz alt\u0131 padi\u015fah y\u00f6netti. \u00dclkesini Son terk eden ka\u00e7an padi\u015fah Sultan Vahdettin oldu.<\/p>\n<p style=\"text-align: justify;\">Kul olmaktan kurtulup yurtta\u015f olarak ya\u015fad\u0131\u011f\u0131m\u0131z bu g\u00fcnlere ula\u015fmam\u0131z\u0131n En b\u00fcy\u00fck mimar\u0131 Gazi Mustafa Kemal Atat\u00fcrk\u2019\u00fcn \u00fcst\u00fcn zek\u00e2s\u0131 ve Milletine olan inanc\u0131 ile ger\u00e7ekle\u015fmi\u015ftir. Cumhuriyet\u2019te egemenlik kay\u0131ts\u0131z \u015farts\u0131z milletindir. Kendini y\u00f6netme yetkisini Cumhuriyet y\u00f6netiminde yurtta\u015f, se\u00e7me ve se\u00e7ilme hakk\u0131n\u0131 kullanarak temsilcileri, (milletvekilleri) arac\u0131l\u0131\u011f\u0131 ile kullan\u0131r. Se\u00e7ilen temsilciler yasalar yapar y\u00f6neticileri Millet ad\u0131na denetler. Y\u00f6netilenler dilerlerse se\u00e7imlerde y\u00f6neticilerini de\u011fi\u015ftirirler. <a href=\"http:\/\/www.gazetealmanci.de\/wp-content\/uploads\/2014\/10\/Cumhuriyetin-Kurulu\u015fu.png\"><img loading=\"lazy\" class=\"size-medium wp-image-1732 alignright\" style=\"border: 3px solid black; margin: 3px;\" title=\"Cumhuriyetin Kurulu\u015fu\" src=\"http:\/\/www.gazetealmanci.de\/wp-content\/uploads\/2014\/10\/Cumhuriyetin-Kurulu\u015fu-300x215.png\" alt=\"\" width=\"300\" height=\"215\" srcset=\"https:\/\/www.gazetealmanci.de\/wp-content\/uploads\/2014\/10\/Cumhuriyetin-Kurulu\u015fu-300x215.png 300w, https:\/\/www.gazetealmanci.de\/wp-content\/uploads\/2014\/10\/Cumhuriyetin-Kurulu\u015fu.png 601w\" sizes=\"(max-width: 300px) 100vw, 300px\" \/><\/a>29 Ekim 1923 g\u00fcn\u00fc ilan edilen cumhuriyet y\u00f6netiminin 91 y\u0131l \u00f6nce ilan edildi\u011fi g\u00fcnd\u00fcr. Bug\u00fcn ulusal bayram g\u00fcn\u00fcd\u00fcr. Cumhuriyet Bayram\u0131 co\u015fkulu t\u00f6renlerle kutlarken bu g\u00fcn\u00fc bizlere arma\u011fan eden ulu \u00d6nderimiz Mustafa Kemal Atat\u00fcrk ne yaz\u0131k ki insanlar\u0131n\u0131 kulla\u015ft\u0131rma pe\u015finde ko\u015fan y\u00f6neticilerin insaf\u0131na terk edilmi\u015ftir. Cumhuriyetin demokratik kazan\u0131mlar\u0131n\u0131 yok etmenin yollar\u0131n\u0131 aramaktad\u0131rlar. Bu emellerine ula\u015fabilme ad\u0131na \u00fclkemizi tam ba\u011f\u0131ms\u0131zl\u0131ktan ba\u011f\u0131ml\u0131l\u0131\u011fa, se\u00e7im sistemini alt \u00fcst ederek halk\u0131n temsilcileri yerine kendi temsilcilerini meclise ta\u015f\u0131ma konusunda her t\u00fcrl\u00fc oyuna ba\u015fvurmaktad\u0131rlar. Din bezirg\u00e2nl\u0131\u011f\u0131 yaparak ve hatta Diyanet i\u015fleri ba\u015fkanl\u0131\u011f\u0131n\u0131 dahi bu oyuna ortak ederek yurtta\u015f\u0131m\u0131z\u0131n manevi duygular\u0131n\u0131 kullanmaktan bir an bile teredd\u00fct etmemektedirler.<\/p>\n<p style=\"text-align: justify;\">Bu g\u00fcnk\u00fc yaz\u0131m\u0131 bitirirken B\u00fcy\u00fck Atat\u00fcrk\u2019\u00fcn gen\u00e7li\u011fe hitab\u0131n\u0131 bir kez daha okuman\u0131z dile\u011fimle.<\/p>\n<p style=\"text-align: justify;\">Mehmet Tevfik \u00d6zkartal<\/p>\n<p style=\"text-align: justify;\"><strong>Ey T\u00fcrk gen\u00e7li\u011fi! Birinci g\u00f6revin T\u00fcrk ba\u011f\u0131ms\u0131zl\u0131\u011f\u0131n\u0131, T\u00fcrk cumhuriyetini sonsuza kadar korumak ve savunmakt\u0131r. <\/strong><\/p>\n<p style=\"text-align: justify;\"><strong>Varl\u0131\u011f\u0131n\u0131n ve gelece\u011finin tek temeli budur. Bu temel senin en de\u011ferli hazinendir. Gelecekte bile, seni bu hazineden yoksun b\u0131rakmak isteyecek i\u00e7 ve d\u0131\u015f d\u00fc\u015fmanlar\u0131n olacakt\u0131r. Bir g\u00fcn ba\u011f\u0131ms\u0131zl\u0131k ve cumhuriyeti savunmak zorunlulu\u011funa d\u00fc\u015fersen, g\u00f6reve at\u0131lmak i\u00e7in, bulundu\u011fun durumun olanak ve \u015fartlar\u0131n\u0131 d\u00fc\u015f\u00fcnmeyeceksin! Bu olanak ve \u015fartlar, \u00e7ok elveri\u015fsiz bir \u00f6zellikle ortaya \u00e7\u0131kabilir. Ba\u011f\u0131ms\u0131zl\u0131k ve cumhuriyetini yok etmek isteyecek d\u00fc\u015fmanlar, b\u00fct\u00fcn d\u00fcnyada e\u015fi g\u00f6r\u00fclmemi\u015f bir galibiyetin temsilcisi olabilirler. Zorla ve hile ile aziz vatan\u0131n b\u00fct\u00fcn kaleleri ele ge\u00e7irilmi\u015f, b\u00fct\u00fcn tersanelerine girilmi\u015f, b\u00fct\u00fcn ordular\u0131 da\u011f\u0131t\u0131lm\u0131\u015f ve \u00fclkenin her k\u00f6\u015fesi eylemli olarak ele ge\u00e7irilmi\u015f olabilir. <span style=\"color: #ff0000;\">B\u00fct\u00fcn bu ko\u015fullardan daha ac\u0131 ve daha tehlikeli olmak \u00fczere, \u00fclkenin i\u00e7inde iktidara sahip olanlar duyars\u0131zl\u0131k, sapk\u0131nl\u0131k ve hatta ihanet i\u00e7inde bulunabilirler. \u00dcstelik bu iktidar sahipleri, ki\u015fisel \u00e7\u0131karlar\u0131n\u0131 i\u015fgalcilerin siyasi istekleriyle birle\u015ftirebilirler.<\/span> Ulus fakirlik ve \u00e7aresizlik i\u00e7inde yorgun ve <\/strong><\/p>\n<p style=\"text-align: justify;\"><strong>Bitkin d\u00fc\u015fm\u00fc\u015f olabilir.<\/strong><\/p>\n<p style=\"text-align: justify;\"><strong>Ey T\u00fcrk gelece\u011finin evlad\u0131! \u0130\u015fte, bu durum ve \u015fartlar i\u00e7inde bile g\u00f6revin T\u00fcrk ba\u011f\u0131ms\u0131zl\u0131k ve cumhuriyetini kurtarmakt\u0131r.<\/strong><\/p>\n<p style=\"text-align: justify;\"><strong>Gereksinim duydu\u011fun g\u00fc\u00e7 damarlar\u0131ndaki asil kanda bulunmaktad\u0131r.<\/strong><\/p>\n","protected":false},"excerpt":{"rendered":"<p>Cumhuriyet; Osmanl\u0131n\u0131n \u00fclkemiz topraklar\u0131n\u0131 yabanc\u0131lara pe\u015fke\u015f \u00e7ekmeleriyle 19. Y\u00fcz y\u0131lda T\u00fcrk milletine Tanr\u0131 taraf\u0131ndan g\u00f6nderildi\u011fine inand\u0131\u011f\u0131m d\u00fcnyam\u0131zda\u2019da kabul g\u00f6ren b\u00fcy\u00fck komutan ve devlet adam\u0131 Mustafa kemal Atat\u00fcrk\u2019\u00fcn Milletimize arma\u011fan etti\u011fi y\u00f6netim bi\u00e7imidir. Cumhuriyet erdemdir ayn\u0131 zamanda. \u00c7a\u011fda\u015fl\u0131\u011f\u0131n g\u00f6stergesi, Demokrasinin ikiz karde\u015fidir. \u0130\u015fte bu g\u00fcn yeni bir heyecan var \u00fclkemde. Ba\u011f\u0131ms\u0131zl\u0131\u011f\u0131n \u00f6zg\u00fcrl\u00fc\u011f\u00fcn birlikte ya\u015faman\u0131n bayram\u0131 kutlan\u0131yor [&#8230;]<\/p>\n","protected":false},"author":1,"featured_media":0,"comment_status":"open","ping_status":"open","sticky":false,"template":"","format":"standard","meta":[],"categories":[1],"tags":[],"_links":{"self":[{"href":"https:\/\/www.gazetealmanci.de\/index.php?rest_route=\/wp\/v2\/posts\/1728"}],"collection":[{"href":"https:\/\/www.gazetealmanci.de\/index.php?rest_route=\/wp\/v2\/posts"}],"about":[{"href":"https:\/\/www.gazetealmanci.de\/index.php?rest_route=\/wp\/v2\/types\/post"}],"author":[{"embeddable":true,"href":"https:\/\/www.gazetealmanci.de\/index.php?rest_route=\/wp\/v2\/users\/1"}],"replies":[{"embeddable":true,"href":"https:\/\/www.gazetealmanci.de\/index.php?rest_route=%2Fwp%2Fv2%2Fcomments&post=1728"}],"version-history":[{"count":4,"href":"https:\/\/www.gazetealmanci.de\/index.php?rest_route=\/wp\/v2\/posts\/1728\/revisions"}],"predecessor-version":[{"id":1735,"href":"https:\/\/www.gazetealmanci.de\/index.php?rest_route=\/wp\/v2\/posts\/1728\/revisions\/1735"}],"wp:attachment":[{"href":"https:\/\/www.gazetealmanci.de\/index.php?rest_route=%2Fwp%2Fv2%2Fmedia&parent=1728"}],"wp:term":[{"taxonomy":"category","embeddable":true,"href":"https:\/\/www.gazetealmanci.de\/index.php?rest_route=%2Fwp%2Fv2%2Fcategories&post=1728"},{"taxonomy":"post_tag","embeddable":true,"href":"https:\/\/www.gazetealmanci.de\/index.php?rest_route=%2Fwp%2Fv2%2Ftags&post=1728"}],"curies":[{"name":"wp","href":"https:\/\/api.w.org\/{rel}","templated":true}]}}