{"id":172,"date":"2010-01-01T01:55:53","date_gmt":"2010-01-01T00:55:53","guid":{"rendered":"http:\/\/www.gazetebayern.de\/?p=172"},"modified":"2010-01-01T01:56:17","modified_gmt":"2010-01-01T00:56:17","slug":"baris-manco-hakkinda-bilinmeyenler","status":"publish","type":"post","link":"https:\/\/www.gazetealmanci.de\/?p=172","title":{"rendered":"BARI\u015e MAN\u00c7O HAKKINDA B\u0130L\u0130NMEYENLER"},"content":{"rendered":"<h1><span style=\"color: #ff0000;\">Do\u011fukan Man\u00e7o\u2019nun Radyo KLAS \u2019ta sundu\u011fu<\/span><\/h1>\n<p>Do\u011fukan Man\u00e7o askere gitmeden \u00f6nce Radyo KLAS \u2019ta babas\u0131 Bar\u0131\u015f Man\u00e7o i\u00e7in \u00f6zel bir anma program\u0131 haz\u0131rlad\u0131. Do\u011fukan Man\u00e7o\u2019nun<\/p>\n<p>program\u0131n\u0131 annesi ve karde\u015fi ile beraber sundu. Do\u011fukan Man\u00e7o, Radyo KLAS \u2019ta yay\u0131nlanan \u201cBi\u00e7ilmi\u015f Kaftan\u201d adl\u0131 programa<\/p>\n<p>Man\u00e7o ailesini k<img loading=\"lazy\" class=\"alignleft size-full wp-image-174\" title=\"b_03\" src=\"http:\/\/www.gazetebayern.de\/wp-content\/uploads\/2010\/01\/b_03.jpg\" alt=\"b_03\" width=\"230\" height=\"288\" \/>onuk etti ve babas\u0131 Bar\u0131\u015f Man\u00e7o ile ilgili bilinmeyenleri anlatt\u0131. Progrmda Bar\u0131\u015f Man\u00e7o\u2019nun m\u00fczikten kazand\u0131\u011f\u0131<\/p>\n<p>ilk paray\u0131 nas\u0131l harcad\u0131\u011f\u0131 da ortaya \u00e7\u0131kt\u0131. Programa kat\u0131lan Bar\u0131\u015f Man\u00e7o\u2019nun k\u0131z karde\u015fi \u0130nci Man\u00e7o sanat\u00e7\u0131n\u0131n hayat\u0131n\u0131n m\u00fczikle<\/p>\n<p>i\u00e7 i\u00e7e oldu\u011funu anlat\u0131rken , m\u00fczikten ilk kazand\u0131\u011f\u0131 paray\u0131 da nas\u0131l harcad\u0131\u011f\u0131n\u0131 a\u00e7\u0131klad\u0131: \u201cBen d\u00f6rt ya\u015flar\u0131ndayd\u0131m.Bar\u0131\u015f 6<\/p>\n<p>ya\u015f\u0131ndayken biz beraber \u0130stanbul Belediye konservatuar\u0131na ba\u015flad\u0131k. Ritim \u015fan m\u00fczik dersi ald\u0131k. Ama m\u00fczi\u011fe ba\u015flang\u0131c\u0131m\u0131z<\/p>\n<p>\u00f6ncesine dayan\u0131yor, 2 Ya\u015f\u0131ndayken baba annemiz \u015fark\u0131 s\u00f6ylerdi, Bar\u0131\u015f\u2019\u0131nda ilk m\u00fczik t\u0131n\u0131lar\u0131 o zamanlarda kula\u011f\u0131na girmi\u015fti.<\/p>\n<p>M\u00fczik onun hayat\u0131nda devaml\u0131 s\u00fcrd\u00fc , evde de s\u00fcrd\u00fc. \u015eunu \u00f6zellikle s\u00f6ylemek istiyorum , \u00e7ok iyi bir a\u011fabeydi , o tarihlerde<\/p>\n<p>C.Tesileri de yar\u0131m g\u00fcn okula giderdik.O bizi mutlaka okuldan sonra sinemaya g\u00f6t\u00fcr\u00fcr bizimle \u00f6zel ilgilenirdi.\u201dBar\u0131\u015f Man\u00e7o ilk<\/p>\n<p>kazand\u0131\u011f\u0131 parayla da hi\u00e7 unutmam 1960 y\u0131l\u0131yd\u0131 ve ilk para kazand\u0131\u011f\u0131 konserdi , kazand\u0131\u011f\u0131 parada 200 lirayd\u0131, o d\u00f6nem i\u00e7in iyi<\/p>\n<p>\u00e7ok iyi bir parayd\u0131. Bu ilk kazand\u0131\u011f\u0131 para ile bana bir elbise alm\u0131\u015ft\u0131. Elbisede tam 200 TL utmu\u015ftu. Yani ilk kazand\u0131\u011f\u0131 paras\u0131n\u0131n<\/p>\n<p>tamam\u0131n\u0131 karde\u015fine ay\u0131racak fedakar bir a\u011fabeydi. Yay\u0131na ba\u011flanan Bar\u0131\u015f Man\u00e7o\u2019nun 45 y\u0131ll\u0131k dostu ve onun ilk i\u015f orta\u011f\u0131 Erkmen<\/p>\n<p>Sa\u011flam ise Bar\u0131\u015f Man\u00e7o ile beraber kurdu\u011fu ilk \u015firketin ad\u0131n\u0131n Y\u0131lmaz G\u00fcney\u2019in bir filminde yer ald\u0131\u011f\u0131n\u0131 a\u00e7\u0131klad\u0131. A\u011fabeyimin<\/p>\n<p>me\u015fhur laf\u0131 \u201c\u0130nsan en son ad\u0131 an\u0131ld\u0131\u011f\u0131 g\u00fcn \u00f6l\u00fcr\u201d derdi biz onu hep konu\u015faca\u011f\u0131z.O benim a\u011fabeyimdi. Bar\u0131\u015f Man\u00e7o\u2019nun \u0130lk Ticari<\/p>\n<p>At\u0131l\u0131m\u0131 Hangisi Oldu Erkmen Sa\u011flam Bar\u0131\u015f Man\u00e7o ile olan dostlu\u011funu \u015fu s\u00f6zleri ile hat\u0131rlatt\u0131 : \u201cBizim dostlu\u011fumuz 1950 lerin<\/p>\n<p>sonlar\u0131nda ba\u015flad\u0131 , orta okuldan \u00f6nce haz\u0131rl\u0131k s\u0131n\u0131f\u0131ndan ba\u015flad\u0131.. Ne sa\u00e7lar\u0131 uzam\u0131\u015ft\u0131 ne de sakallar\u0131 o zamanlar.<\/p>\n<p>E\u011fer Bar\u0131\u015f ger\u00e7ekten de s\u00f6z\u00fcne z\u00fcne g\u00fcvenilen biri olmasayd\u0131 bizim dostlu\u011fumuz asla 45 sene s\u00fcrmezdi. Kimsenin dostlu\u011fu<\/p>\n<p>45 y\u0131l s\u00fcrmez. Bizimde Bar\u0131\u015f\u2019\u0131n eski arkada\u015flar\u0131 olarak en b\u00fcy\u00fck g\u00fcvencemiz Bar\u0131\u015f gibi bir arkada\u015f\u0131m\u0131z oldu\u011fu i\u00e7in \u00f6zel g\u00fcvenimizdi.<\/p>\n<p>Bizim ilk i\u015f ortakl\u0131\u011f\u0131m\u0131z 1969 y\u0131l\u0131nda Man\u00e7o prod\u00fcksiyonun kurulmas\u0131 ile ba\u015flad\u0131. Y\u0131lmaz G\u00fcney\u2019in \u201cUmutsuzlar\u201d filminde<\/p>\n<p>\u00e7al\u0131\u015ft\u0131k. Ben Y\u0131lmaz G\u00fcney\u2019in baz\u0131 sahnelerinde onun asistanl\u0131\u011f\u0131n\u0131 yapt\u0131m ve filmin jeneri\u011finde de Man\u00e7o Prod\u00fcksiyon yaz\u0131ld\u0131.Daha<\/p>\n<p>sonra 1970 y\u0131l\u0131nda Ozan film adl\u0131 \u015firketi kurduk . Bu \u015firketi kurarken Ahmet Man\u00e7o bize rehberlik yap\u0131yordu \u00e7\u00fcnk\u00fc hem gen\u00e7tik<\/p>\n<p>hem de ticaretten uzakt\u0131k.\u201d TV\u2019yi T.R.T.\u2019den \u00f6nce Kurdu Bar\u0131\u015f Man\u00e7o kadim dostu ve ayn\u0131 zamanda ilk i\u015f orta\u011f\u0131 Erkmen<\/p>\n<p>Sa\u011flam Bar\u0131\u015f Man\u00e7o\u2019nun T\u00fcrkiye\u2019ye televizyon gelmeden \u00f6nce kendi evinde bir televizyon st\u00fcdyosu kurdu\u011funu \u015fu s\u00f6zleri ile a\u00e7\u0131klad\u0131<\/p>\n<p>: \u201c T\u00fcrkiye\u2019ye daha 7\u2019den 77\u2019ye program\u0131na. 1988 Eyl\u00fcl\u2019\u00fcnde ba\u015flad\u0131k \u0130lk ofisimiz Osmanbey\u2019deydi. Ama biz Televizyonla daha \u00f6nce<\/p>\n<p>tan\u0131\u015fm\u0131\u015ft\u0131k. \u0130lk \u015firketimiz Man\u00e7o Prod\u00fcksiyonu kurdu\u011fumuzda 1969 -1970\u2019lerde ba\u015flad\u0131\u011f\u0131m\u0131z BARI\u015e MAN\u00c7O HAKKINDA B\u0130L\u0130NMEYENLER<\/p>\n<p>heyecanla daha fazla ne yapar\u0131z diye d\u00fc\u015f\u00fcn\u00fcyorduk, o zamanlar T\u00fcrkiye\u2019de de televizyon yoktu. Bel\u00e7ika\u2019dan 3 tane kamera , reji<\/p>\n<p>masas\u0131 , 16 mm sinema makinas\u0131 getirildi ve biz tv olmayan T\u00fcrkiye\u2019de bir TV st\u00fcdyosu kurmaya karar verdik, kurdukta.Bar\u0131\u015f Man\u00e7o<\/p>\n<p>ile beraber Kad\u0131k\u00f6y\u2019de ald\u0131\u011f\u0131 binada bu st\u00fcdyoyu kurduk. Biz bu aletlerle tv yay\u0131n yapamad\u0131k ama biz televizyon olay\u0131n\u0131 \u00f6\u011frendik.<\/p>\n<p>Biz Televizyonu Bar\u0131\u015f Man\u00e7o\u2019nun getirdi\u011fi aletlerle \u00a0\u00e7al\u0131\u015fa \u00e7al\u0131\u015fa, al\u0131\u015ft\u0131rma yapa yala \u00f6\u011frendik. \u201c7\u2019den 77\u2019ye\u201d program\u0131n\u0131n temellerini<\/p>\n<p>bu d\u00f6nemlerde att\u0131k.\u201dEnstr\u00fcmanlar Ay\u0131p \u015eekilde \u00c7al\u0131n\u0131yor Bar\u0131\u015f Man\u00e7o\u2019nun \u201cLambaya P\u00fcf De\u201d adl\u0131 \u015fark\u0131s\u0131n\u0131n T.R.T. denetiminden<\/p>\n<p>ge\u00e7meme hikayesini anlatan Lale Man\u00e7o o \u00f6nemlerde denetime tak\u0131lan \u201cLambaya P\u00fcf De\u201d adl\u0131 Bar\u0131\u015f Man\u00e7o klasi\u011finin estr\u00fcmantal<\/p>\n<p>versiyonunun denetim hikayesini \u015f\u00f6yle anlatt\u0131 : \u201c Bar\u0131\u015f , \u015fark\u0131n\u0131n enstr\u00fcmantalini yapt\u0131. \u015eark\u0131 TRT\u2019de denetime girmi\u015fti. \u015eark\u0131<\/p>\n<p>denetimden ge\u00e7memi\u015fti , \u015fark\u0131n\u0131n denetimden ge\u00e7meme sebebi ise \u201cEnstr\u00fcmanlar ay\u0131p \u015fekilde \u00e7al\u0131n\u0131yor\u201d olarak a\u00e7\u0131klanm\u0131\u015ft\u0131. Bar\u0131\u015f Man\u00e7o<\/p>\n<p>M\u00fczesi A\u00e7\u0131l\u0131yor ! Do\u011fukan Man\u00e7o program\u0131n\u0131n finalinde annesi Lale Man\u00e7o ve karde\u015fi Man\u00e7o ile beraber \u015eubat ay\u0131n\u0131n ba\u015f\u0131nda a\u00e7\u0131lacak<\/p>\n<p>Bar\u0131\u015f Man\u00e7o M\u00fczesinin m\u00fcjdesini de kamu oyuna a\u00e7\u0131klad\u0131.<\/p>\n","protected":false},"excerpt":{"rendered":"<p>Do\u011fukan Man\u00e7o\u2019nun Radyo KLAS \u2019ta sundu\u011fu<br \/>\nDo\u011fukan Man\u00e7o askere gitmeden \u00f6nce Radyo KLAS \u2019ta babas\u0131 Bar\u0131\u015f Man\u00e7o i\u00e7in \u00f6zel bir anma program\u0131 haz\u0131rlad\u0131. Do\u011fukan Man\u00e7o\u2019nun<br \/>\nprogram\u0131n\u0131 annesi ve karde\u015fi ile beraber sundu. Do\u011fukan Man\u00e7o, Radyo KLAS \u2019ta yay\u0131nlanan \u201cBi\u00e7ilmi\u015f Kaftan\u201d adl\u0131 programa<br \/>\nMan\u00e7o ailesini konuk etti ve babas\u0131 Bar\u0131\u015f Man\u00e7o ile ilgili bilinmeyenleri anlatt\u0131. Progrmda Bar\u0131\u015f Man\u00e7o\u2019nun m\u00fczikten [&#8230;]<\/p>\n","protected":false},"author":2,"featured_media":0,"comment_status":"open","ping_status":"open","sticky":false,"template":"","format":"standard","meta":[],"categories":[8],"tags":[],"_links":{"self":[{"href":"https:\/\/www.gazetealmanci.de\/index.php?rest_route=\/wp\/v2\/posts\/172"}],"collection":[{"href":"https:\/\/www.gazetealmanci.de\/index.php?rest_route=\/wp\/v2\/posts"}],"about":[{"href":"https:\/\/www.gazetealmanci.de\/index.php?rest_route=\/wp\/v2\/types\/post"}],"author":[{"embeddable":true,"href":"https:\/\/www.gazetealmanci.de\/index.php?rest_route=\/wp\/v2\/users\/2"}],"replies":[{"embeddable":true,"href":"https:\/\/www.gazetealmanci.de\/index.php?rest_route=%2Fwp%2Fv2%2Fcomments&post=172"}],"version-history":[{"count":2,"href":"https:\/\/www.gazetealmanci.de\/index.php?rest_route=\/wp\/v2\/posts\/172\/revisions"}],"predecessor-version":[{"id":176,"href":"https:\/\/www.gazetealmanci.de\/index.php?rest_route=\/wp\/v2\/posts\/172\/revisions\/176"}],"wp:attachment":[{"href":"https:\/\/www.gazetealmanci.de\/index.php?rest_route=%2Fwp%2Fv2%2Fmedia&parent=172"}],"wp:term":[{"taxonomy":"category","embeddable":true,"href":"https:\/\/www.gazetealmanci.de\/index.php?rest_route=%2Fwp%2Fv2%2Fcategories&post=172"},{"taxonomy":"post_tag","embeddable":true,"href":"https:\/\/www.gazetealmanci.de\/index.php?rest_route=%2Fwp%2Fv2%2Ftags&post=172"}],"curies":[{"name":"wp","href":"https:\/\/api.w.org\/{rel}","templated":true}]}}