{"id":1698,"date":"2014-07-31T22:53:50","date_gmt":"2014-07-31T21:53:50","guid":{"rendered":"http:\/\/www.gazetealmanci.de\/?p=1698"},"modified":"2014-07-31T23:25:15","modified_gmt":"2014-07-31T22:25:15","slug":"ayni-tas-ayni-hamam","status":"publish","type":"post","link":"https:\/\/www.gazetealmanci.de\/?p=1698","title":{"rendered":"AYNI TAS AYNI HAMAM"},"content":{"rendered":"<p style=\"text-align: justify;\">\u00d6yle zamanlar vard\u0131r\u2018ki baz\u0131 \u015feyleri anlamakta zorlan\u0131r insan. \u0130\u015fte o zamanlardan birini ya\u015f\u0131yoruz \u015fu g\u00fcnlerde. 30 Haziran 2010 tarihli gazetemizde \u0130srael ve Arap d\u00fcnyas\u0131 ile ilgili G\u00f6khan \u00d6zkan\u2019\u0131n yazd\u0131\u011f\u0131 <a href=\"http:\/\/www.gazetealmanci.de\/wp-content\/uploads\/2014\/07\/Say\u0131-07-1.jpg\"><img loading=\"lazy\" class=\"alignleft size-medium wp-image-1699\" title=\"Say\u0131-07-1\" src=\"http:\/\/www.gazetealmanci.de\/wp-content\/uploads\/2014\/07\/Say\u0131-07-1-226x300.jpg\" alt=\"\" width=\"226\" height=\"300\" srcset=\"https:\/\/www.gazetealmanci.de\/wp-content\/uploads\/2014\/07\/Say\u0131-07-1-226x300.jpg 226w, https:\/\/www.gazetealmanci.de\/wp-content\/uploads\/2014\/07\/Say\u0131-07-1-774x1024.jpg 774w, https:\/\/www.gazetealmanci.de\/wp-content\/uploads\/2014\/07\/Say\u0131-07-1.jpg 1500w\" sizes=\"(max-width: 226px) 100vw, 226px\" \/><\/a>ve gazetemize g\u00f6nderdi\u011fi bir yaz\u0131s\u0131n\u0131 yay\u0131nlam\u0131\u015ft\u0131k. \u2018<strong>\u2019Siz hi\u00e7 vatans\u0131z kald\u0131n\u0131zm\u0131<\/strong>\u2019\u2019 Yaz\u0131 \u015f\u00f6yle ba\u015fl\u0131yordu; \u00a0\u2018\u2019<strong>\u015eu sihirli s\u00f6zc\u00fc\u011f\u00fc yine hat\u0131rlayal\u0131m. Yazd\u0131\u011f\u0131m bir \u00e7ok d\u00fc\u015f\u00fcncemde s\u0131k s\u0131k kulland\u0131m. Teri mi; Empati. \u0130srail silahl\u0131 kuvvetlerinin silahs\u0131z bir kuvvette silah kullanarak <\/strong><strong>sald\u0131rmas\u0131, dokuz \u00a0insan\u0131 \u00e7ok yak\u0131n mesafeden vurmas\u0131 ve onlarca insan\u0131 da yaralamas\u0131, tek kelimeyle, \u201cama\u201c s\u0131z, \u201cancak\u201d s\u0131z, \u201cfakat\u201d s\u0131z bir barbarl\u0131k, \u00e7\u0131lg\u0131nl\u0131k, delilik&#8230;. Amac\u0131m olay\u0131 hafifletmek veya oldu\u011funun d\u0131\u015f\u0131nda de\u011ferlendirmek de\u011fil.\u2019\u2019<\/strong> Bu yaz\u0131n\u0131n tamam\u0131n\u0131 okumak isteyenler gazetenin 7 inci sayfas\u0131nda\u00a0 bulabilirler. Resme t\u0131klaman\u0131z yeterli.<\/p>\n<p style=\"text-align: justify;\">Evet Vatans\u0131z kalmak? Asl\u0131nda buradan yola \u00e7\u0131karsak bu g\u00fcn \u0130srailin sald\u0131r\u0131lar\u0131n\u0131 anlamakta zorlan\u0131yorum. Filistin halk\u0131 sayesinde en zor g\u00fcnlerinde, Avrupadan ka\u00e7arak Filistin topraklar\u0131na s\u0131\u011f\u0131n\u0131p \u00f6l\u00fcmden kurtulup, olmayan bir vatan edinmi\u015fler. Bu vatan\u0131 kendilerine veren Filistin halk\u0131n\u0131 bu g\u00fcn \u00e7oluk \u00e7ocuk demeden yok etmek i\u00e7in ellerinden gelen her \u015feyi yap\u0131yorlar. Ve bunun ad\u0131na \u00fclkelerini savunma diyorlar. Ba\u015fta Almanlar olmak \u00fczere Avrupal\u0131lar\u0131n Jahudilere yapm\u0131\u015f olduklar\u0131 zulm\u00fc unutarak kendilerine bir vatan veren halka zulm ederek kar\u015f\u0131l\u0131k veriyorlar. Hi\u00e7 kimsenin ku\u015fkusu olmas\u0131n hangi dine inan\u0131rsan\u0131z inan\u0131n \u0130srail devletinin bu g\u00fcnk\u00fc tavr\u0131 tarihe kara bir leke olarak ge\u00e7ecektir. Alt\u0131 milyon Jahudiyi \u00e7al\u0131\u015fma kamplar\u0131nda a\u00e7l\u0131k ve susuzluk i\u00e7erisinde \u00e7al\u0131\u015ft\u0131rarak \u00e7ocuk, b\u00fcy\u00fck demeden katledenler nas\u0131l ki bu g\u00fcn tarihe ge\u00e7mi\u015fler ise, bir g\u00fcn ayn\u0131 durumu \u0130srael\u2019de ya\u015fayacakt\u0131r. G\u00fcn d\u00f6ner bir bakm\u0131\u015fs\u0131n Filistinlilerin ba\u015f\u0131na att\u0131\u011f\u0131n bonbalar d\u00f6nm\u00fc\u015f senin ba\u015f\u0131na d\u00fc\u015fmeye ba\u015flam\u0131\u015f. Amerikan\u0131n, Avrupal\u0131n\u0131n yard\u0131m falan edece\u011fini sanma. Hiristiyan alemi eskiden oldu\u011fu gibi bu g\u00fcnde Jahudili\u011fin yok edilmesi gerekti\u011fine inan\u0131r. \u0130slam da ise b\u00f6yle bir emir yoktur. Bir birine bu kadar benzeyen iki dinin insanlar\u0131 neden bir birlerine d\u00fc\u015fman olur anlayam\u0131yorum. Yahudiler oru\u00e7 tutar bizde tutar\u0131z. Kurban keserler bizde keseriz. Domuz onlarda haramd\u0131r bizde\u2019de haram. Onlar \u00fc\u00e7 g\u00fcnl\u00fck s\u00fcnnet olurlar biz de oluruz. Payla\u015famad\u0131\u011f\u0131m\u0131z hi\u00e7 bir \u015fey yok asl\u0131nda. Maksat alt\u0131 milyon katledilen jahudinin intikam\u0131n\u0131 almaksa Avrupay\u0131, Almanyay\u0131 bonbalay\u0131n. Size topraklar\u0131n\u0131 a\u00e7arak Vatan sahibi olman\u0131za yard\u0131mc\u0131 olan insanlara de\u011fil.<\/p>\n<p style=\"text-align: justify;\">2010 \u0130srail Gazzeyi bonbal\u0131yor 2014 ayn\u0131 film tekrar vizyonda ve bu katliama dur diyebilecek bir tek \u00fclke vard\u0131 T\u00fcrkiye oda laf ebesi Ba\u015fbakan taraf\u0131ndan i\u011ffal edildi. <a href=\"http:\/\/www.gazetealmanci.de\/wp-content\/uploads\/2014\/07\/07.jpg\"><img loading=\"lazy\" class=\"alignright size-medium wp-image-1707\" title=\"07\" src=\"http:\/\/www.gazetealmanci.de\/wp-content\/uploads\/2014\/07\/07-212x300.jpg\" alt=\"\" width=\"212\" height=\"300\" srcset=\"https:\/\/www.gazetealmanci.de\/wp-content\/uploads\/2014\/07\/07-212x300.jpg 212w, https:\/\/www.gazetealmanci.de\/wp-content\/uploads\/2014\/07\/07-724x1024.jpg 724w, https:\/\/www.gazetealmanci.de\/wp-content\/uploads\/2014\/07\/07.jpg 1500w\" sizes=\"(max-width: 212px) 100vw, 212px\" \/><\/a>Ordusu da\u011f\u0131t\u0131ld\u0131, Kaleleri d\u00fc\u015fman taraf\u0131ndan fethedildi. Bir Suriye Esat vard\u0131 oda Bizim Laf ebesi taraf\u0131ndan zay\u0131flat\u0131ld\u0131. Asl\u0131nda G\u00fc\u00e7l\u00fc bir T\u00fcrkiye \u0130sraelin gaz\u0131n\u0131 kolayca alabilirdi. Mesela \u0130srail ile bir anla\u015fma imzalayarak \u0130sraile sald\u0131rman\u0131n T\u00fcrkiye\u2019ye sald\u0131rmak olaca\u011f\u0131n\u0131, b\u00fct\u00fcn arap alemine duyurabilirdi. G\u00f6khan arkada\u015f\u0131m\u0131z\u0131n yazd\u0131\u011f\u0131 gibi Ya\u015fas\u0131n \u0130srael, Ya\u015fas\u0131n filistin diyerek iki \u00fclkeninde garant\u00f6rl\u00fc\u011f\u00fcn\u00fc \u00fcstlenerek iki toplumunda birlikte ya\u015famalar\u0131n\u0131 sa\u011flayabilirdi. En yak\u0131n arkada\u015f\u0131 Esat t\u0131 da yan\u0131na alarak kal\u0131c\u0131 bir bar\u0131\u015f sa\u011flayabilirdi. Anl\u0131yaca\u011f\u0131n\u0131z Laf ile \u0130sraele vuran daha sonra her t\u00fcrl\u00fc deste\u011fi veren bir Ba\u015fbakan y\u00f6netiyor \u00fclkemizi. \u015eimdi\u2019de Cumhur Ba\u015fkan\u0131 olaca\u011f\u0131m diyor. Tanr\u0131m sen bizi \u00fclkemizi insanlar\u0131m\u0131z\u0131 bu \u015farlatan\u0131n \u015ferrinden koru yarabim. G\u00f6zleri kapal\u0131 insan\u0131m\u0131z\u0131n g\u00f6zlerini a\u00e7arak do\u011frular\u0131 g\u00f6rmesini sa\u011fla, \u00dclkemizin b\u00f6l\u00fcnmesine, \u0130nsanlar\u0131m\u0131z\u0131n ayr\u0131\u015fmas\u0131na, izin verme yarabim. Ingilizlerin, Amerikal\u0131lar\u0131n K\u00f6lesi olmu\u015f Krallar\u0131n y\u00f6neticilerin, Arap emevi ( \u015eeytan) inanc\u0131ndan bizleri koru, yarabbim. Bizleri \u015feytana kulluk eder duruma getirme. Tevhid dini olan aziz dinimizin t\u00fcm d\u00fcnyada sevilen inan\u0131lan bir din olmas\u0131 i\u00e7in bizlere yol a\u00e7, Takkiye yapan b\u00fct\u00fcn zalimlere cezalar\u0131n\u0131 bu d\u00fcnyada ver yarabbim. Sen her \u015feyi g\u00f6ren bilensin. \u0130nsanl\u0131k ad\u0131na \u00e7al\u0131\u015fanlar\u0131 muzaffer eyle. Kendi ve ailesinin cebini \u2018\u2019hemde devlet paras\u0131, yetim hakk\u0131 \u2019\u2019 ile dolduranlar\u0131n cezalar\u0131n\u0131 ahirete b\u0131rakma ibreti alem i\u00e7in bu d\u00fcnyada kes cezalar\u0131n\u0131 yarabbim.<\/p>\n<p style=\"text-align: justify;\">Eh benim gibi birinin bu kadar duvas\u0131ndan sonra amin demek sizlere d\u00fc\u015fer diye d\u00fc\u015f\u00fcn\u00fcyorum. De\u011fi\u015fen ne var asl\u0131nda hi\u00e7 bir \u015fey bir az ba\u011f\u0131r \u00e7\u0131\u011f\u0131r katil israel diye de\u011fi\u015fen hi\u00e7 bir \u015fey yok. Bizim Ba\u015fbakan i\u00e7in her \u015fey ayn\u0131 tas ayn\u0131 hamam. Nas\u0131l geldi ise daha hala ayn\u0131. Bir t\u00fcrl\u00fc usta olamad\u0131.<\/p>\n<p style=\"text-align: justify;\">Mehmet Tevfik \u00d6zkartal<\/p>\n<p style=\"text-align: justify;\">N\u00fcrnberg 31.07.2014<\/p>\n","protected":false},"excerpt":{"rendered":"<p>\u00d6yle zamanlar vard\u0131r\u2018ki baz\u0131 \u015feyleri anlamakta zorlan\u0131r insan. \u0130\u015fte o zamanlardan birini ya\u015f\u0131yoruz \u015fu g\u00fcnlerde. 30 Haziran 2010 tarihli gazetemizde \u0130srael ve Arap d\u00fcnyas\u0131 ile ilgili G\u00f6khan \u00d6zkan\u2019\u0131n yazd\u0131\u011f\u0131 ve gazetemize g\u00f6nderdi\u011fi bir yaz\u0131s\u0131n\u0131 yay\u0131nlam\u0131\u015ft\u0131k. \u2018\u2019Siz hi\u00e7 vatans\u0131z kald\u0131n\u0131zm\u0131\u2019\u2019 Yaz\u0131 \u015f\u00f6yle ba\u015fl\u0131yordu; \u00a0\u2018\u2019\u015eu sihirli s\u00f6zc\u00fc\u011f\u00fc yine hat\u0131rlayal\u0131m. Yazd\u0131\u011f\u0131m bir \u00e7ok d\u00fc\u015f\u00fcncemde s\u0131k s\u0131k kulland\u0131m. Teri [&#8230;]<\/p>\n","protected":false},"author":1,"featured_media":0,"comment_status":"open","ping_status":"open","sticky":false,"template":"","format":"standard","meta":[],"categories":[1],"tags":[],"_links":{"self":[{"href":"https:\/\/www.gazetealmanci.de\/index.php?rest_route=\/wp\/v2\/posts\/1698"}],"collection":[{"href":"https:\/\/www.gazetealmanci.de\/index.php?rest_route=\/wp\/v2\/posts"}],"about":[{"href":"https:\/\/www.gazetealmanci.de\/index.php?rest_route=\/wp\/v2\/types\/post"}],"author":[{"embeddable":true,"href":"https:\/\/www.gazetealmanci.de\/index.php?rest_route=\/wp\/v2\/users\/1"}],"replies":[{"embeddable":true,"href":"https:\/\/www.gazetealmanci.de\/index.php?rest_route=%2Fwp%2Fv2%2Fcomments&post=1698"}],"version-history":[{"count":13,"href":"https:\/\/www.gazetealmanci.de\/index.php?rest_route=\/wp\/v2\/posts\/1698\/revisions"}],"predecessor-version":[{"id":1703,"href":"https:\/\/www.gazetealmanci.de\/index.php?rest_route=\/wp\/v2\/posts\/1698\/revisions\/1703"}],"wp:attachment":[{"href":"https:\/\/www.gazetealmanci.de\/index.php?rest_route=%2Fwp%2Fv2%2Fmedia&parent=1698"}],"wp:term":[{"taxonomy":"category","embeddable":true,"href":"https:\/\/www.gazetealmanci.de\/index.php?rest_route=%2Fwp%2Fv2%2Fcategories&post=1698"},{"taxonomy":"post_tag","embeddable":true,"href":"https:\/\/www.gazetealmanci.de\/index.php?rest_route=%2Fwp%2Fv2%2Ftags&post=1698"}],"curies":[{"name":"wp","href":"https:\/\/api.w.org\/{rel}","templated":true}]}}