{"id":1195,"date":"2010-12-22T18:47:54","date_gmt":"2010-12-22T17:47:54","guid":{"rendered":"http:\/\/www.gazetealmanci.de\/?p=1195"},"modified":"2010-12-22T18:48:50","modified_gmt":"2010-12-22T17:48:50","slug":"almanya%e2%80%98nin-super-stari-bir-turk","status":"publish","type":"post","link":"https:\/\/www.gazetealmanci.de\/?p=1195","title":{"rendered":"ALMANYA\u2018NIN S\u00dcPER STARI B\u0130R T\u00dcRK"},"content":{"rendered":"<p>Alman televizyon kanal\u0131 RTL\u2019de yay\u0131nlanan \u201cAlmanya S\u00fcper Star\u0131n\u0131 Ar\u0131yor\u201d adl\u0131 yar\u0131\u015fmada, 2 farkl\u0131 ses tonuyla s\u00f6yledi\u011fi \u015fark\u0131larla sesi Pavarotti\u2019ye benzetilen T\u00fcrk yar\u0131\u015fmac\u0131 Freddy \u015eahin-Scholl, y\u0131l\u0131n en yetenekli \u015fark\u0131c\u0131s\u0131 se\u00e7ildi.<\/p>\n<p><img loading=\"lazy\" class=\"alignleft size-medium wp-image-1196\" style=\"margin: 3px; border: 3px solid #000000;\" title=\"s\u00fcper-Star\" src=\"http:\/\/www.gazetealmanci.de\/wp-content\/uploads\/2010\/12\/s\u00fcper-Star-300x194.jpg\" alt=\"s\u00fcper-Star\" width=\"240\" height=\"155\" srcset=\"https:\/\/www.gazetealmanci.de\/wp-content\/uploads\/2010\/12\/s\u00fcper-Star-300x194.jpg 300w, https:\/\/www.gazetealmanci.de\/wp-content\/uploads\/2010\/12\/s\u00fcper-Star.jpg 650w\" sizes=\"(max-width: 240px) 100vw, 240px\" \/><br \/>\nD\u00fcnya \u00e7ap\u0131nda tan\u0131nan \u015fark\u0131c\u0131, besteci ve yap\u0131mc\u0131 Dieter Bohlen, Bruce Darnell ve Hollandal\u0131 futbolcu Rafael Van Der Vaart\u2019\u0131n e\u015fi Sylvie Van Der Vaart\u2019\u0131n j\u00fcride yer ald\u0131\u011f\u0131 yar\u0131\u015fma program\u0131nda, p\u00fcr\u00fczs\u00fcz sesi ve etkile-yici yorumlar\u0131yla seslen- dirdi\u011fi \u015fark\u0131larla izleyi &#8211;<br \/>\ncierin oylar\u0131n\u0131n y\u00fczde 23\u2019\u00fcn\u00fc alan \u015eahin-Scholl, 2010 y\u0131l\u0131n\u0131n en iyi \u015fark\u0131c\u0131s\u0131 se\u00e7ildi ve 100 bin avroluk para \u00f6d\u00fcl\u00fc kazand\u0131.<br \/>\nT\u00fcrk anne ve Alman babas\u0131n\u0131n ayr\u0131lmas\u0131 y\u00fcz\u00fcnden 6 ya\u015f\u0131ndayken Heilbronn Kimsesizler Yurduna g\u00f6nderilen \u015eahin-Scholl\u2019un, burada 12 y\u0131l boyunca ya\u015fad\u0131\u011f\u0131 belirtildi. \u015eahin-Scholl\u2019un daha sonra bir arkada\u015f\u0131n\u0131n tavsiyesi \u00fczerine RTL\u2019de yay\u0131mlanan \u201cAlmanya S\u00fcper Star\u0131n\u0131 Ar\u0131yor\u201d adl\u0131 yar\u0131\u015fma program\u0131na kat\u0131ld\u0131\u011f\u0131 ve \u00fcst\u00fcn performans\u0131yla \u00f6n elemelere girmeden yar\u0131\u015fmaya al\u0131nd\u0131\u011f\u0131 kaydedildi.<\/p>\n","protected":false},"excerpt":{"rendered":"<p>Alman televizyon kanal\u0131 RTL\u2019de yay\u0131nlanan \u201cAlmanya S\u00fcper Star\u0131n\u0131 Ar\u0131yor\u201d adl\u0131 yar\u0131\u015fmada, 2 farkl\u0131 ses tonuyla s\u00f6yledi\u011fi \u015fark\u0131larla sesi Pavarotti\u2019ye benzetilen T\u00fcrk yar\u0131\u015fmac\u0131 Freddy \u015eahin-Scholl, y\u0131l\u0131n en yetenekli \u015fark\u0131c\u0131s\u0131 se\u00e7ildi.<\/p>\n<p>D\u00fcnya \u00e7ap\u0131nda tan\u0131nan \u015fark\u0131c\u0131, besteci ve yap\u0131mc\u0131 Dieter Bohlen, Bruce Darnell ve Hollandal\u0131 futbolcu Rafael Van Der Vaart\u2019\u0131n e\u015fi Sylvie Van Der Vaart\u2019\u0131n j\u00fcride yer ald\u0131\u011f\u0131 yar\u0131\u015fma [&#8230;]<\/p>\n","protected":false},"author":2,"featured_media":0,"comment_status":"closed","ping_status":"closed","sticky":false,"template":"","format":"standard","meta":[],"categories":[8],"tags":[],"_links":{"self":[{"href":"https:\/\/www.gazetealmanci.de\/index.php?rest_route=\/wp\/v2\/posts\/1195"}],"collection":[{"href":"https:\/\/www.gazetealmanci.de\/index.php?rest_route=\/wp\/v2\/posts"}],"about":[{"href":"https:\/\/www.gazetealmanci.de\/index.php?rest_route=\/wp\/v2\/types\/post"}],"author":[{"embeddable":true,"href":"https:\/\/www.gazetealmanci.de\/index.php?rest_route=\/wp\/v2\/users\/2"}],"replies":[{"embeddable":true,"href":"https:\/\/www.gazetealmanci.de\/index.php?rest_route=%2Fwp%2Fv2%2Fcomments&post=1195"}],"version-history":[{"count":4,"href":"https:\/\/www.gazetealmanci.de\/index.php?rest_route=\/wp\/v2\/posts\/1195\/revisions"}],"predecessor-version":[{"id":1200,"href":"https:\/\/www.gazetealmanci.de\/index.php?rest_route=\/wp\/v2\/posts\/1195\/revisions\/1200"}],"wp:attachment":[{"href":"https:\/\/www.gazetealmanci.de\/index.php?rest_route=%2Fwp%2Fv2%2Fmedia&parent=1195"}],"wp:term":[{"taxonomy":"category","embeddable":true,"href":"https:\/\/www.gazetealmanci.de\/index.php?rest_route=%2Fwp%2Fv2%2Fcategories&post=1195"},{"taxonomy":"post_tag","embeddable":true,"href":"https:\/\/www.gazetealmanci.de\/index.php?rest_route=%2Fwp%2Fv2%2Ftags&post=1195"}],"curies":[{"name":"wp","href":"https:\/\/api.w.org\/{rel}","templated":true}]}}